{"id":2319,"date":"2025-05-05T19:38:57","date_gmt":"2025-05-05T19:38:57","guid":{"rendered":"https:\/\/fricibacsi.hu\/?p=2319"},"modified":"2025-05-05T19:38:58","modified_gmt":"2025-05-05T19:38:58","slug":"aramszunet","status":"publish","type":"post","link":"https:\/\/fricibacsi.hu\/en\/tudastar\/aramszunet\/","title":{"rendered":"Mi t\u00f6rt\u00e9nik otthon, ha elmegy az \u00e1ram? \u2013 Frici b\u00e1csi megmondja"},"content":{"rendered":"<p>Tegy\u00fck fel a k\u00e9rd\u00e9st \u0151szint\u00e9n:<br>&nbsp;Mi t\u00f6rt\u00e9nik otthon, ha egyszer csak minden le\u00e1ll?<br>&nbsp;Mert nemcsak Spanyolorsz\u00e1gban \u00e9s k\u00f6rny\u00e9k\u00e9n volt \u00e1ramsz\u00fcnet, de a j\u00f6v\u0151 h\u00e9ten Szombathelyen is hosszabb tervezett karbantart\u00e1s lesz, \u00e9s ki tudja, mikor ker\u00fcl sorra ez a r\u00e9gi\u00f3\u2026<\/p>\n\n\n\n<p>Nem p\u00e1nikolni kell, hanem okosan felk\u00e9sz\u00fclni.<\/p>\n\n\n\n<p>\u00c9s a h\u0171t\u0151?<\/p>\n\n\n\n<p>Az els\u0151 k\u00e9rd\u00e9s, ami ilyenkor mindenkinek esz\u00e9be jut:<br>&nbsp;\u201eMi lesz a kaj\u00e1val a h\u0171t\u0151ben?\u201d<br>&nbsp;Nos, a j\u00f3 h\u00edr az, hogy egy z\u00e1rt h\u0171t\u0151 ak\u00e1r 3\u20134 \u00f3r\u00e1n \u00e1t is hidegen tart, ha nem nyitogatjuk feleslegesen.<br>&nbsp;A fagyaszt\u00f3 is j\u00f3l b\u00edrja: teljesen telt \u00e1llapotban ak\u00e1r 24\u201336 \u00f3r\u00e1t is hidegen marad.<\/p>\n\n\n\n<p><em><strong>Tipp Frici b\u00e1csit\u00f3l:<\/strong><\/em><br>\u00a0Ha \u00e1ramsz\u00fcnetet v\u00e1rsz, el\u0151tte pakold \u00fagy a h\u0171t\u0151t, hogy ne kelljen turk\u00e1lni benne. Vedd ki, ami kell \u2013 ut\u00e1na hagyd b\u00e9k\u00e9n.<\/p>\n\n\n\n<h2 class=\"wp-block-heading\">\u00c9s a h\u0171t\u0151g\u00e9p maga?<\/h2>\n\n\n\n<p>Itt j\u00f6n egy kev\u00e9sb\u00e9 ismert k\u00e9rd\u00e9s:<br>&nbsp;J\u00f3t tesz-e a h\u0171t\u0151nek a sorozatos le\u00e1ll\u00edt\u00e1s\u2013visszakapcsol\u00e1s?<br>&nbsp;R\u00f6viden: nem igaz\u00e1n.<br>&nbsp;A hirtelen \u00e1ramkimarad\u00e1sok, majd visszat\u00e9r\u0151 fesz\u00fclts\u00e9g meging\u00e1sokat okozhatnak az elektronik\u00e1ban. Egy r\u00e9gebbi t\u00edpus k\u00f6nnyebben megadja mag\u00e1t.<\/p>\n\n\n\n<p><strong><em>Frici b\u00e1csi tan\u00e1csa:<\/em><\/strong><br>\u00a0Ha \u00e1ramsz\u00fcnet ut\u00e1n visszaj\u00f6n az \u00e1ram, v\u00e1rj 5\u201310 percet, miel\u0151tt \u00fajra elind\u00edtod a h\u0171t\u0151t \u2013 k\u00fcl\u00f6n\u00f6sen, ha nincs benne automata k\u00e9sleltet\u00e9s.<\/p>\n\n\n\n<h2 class=\"wp-block-heading\">\u00c9s a gy\u00f3gyszer, mondjuk az inzulin?<\/h2>\n\n\n\n<p>Ez az egyik legs\u00falyosabb k\u00e9rd\u00e9s, amit ritk\u00e1n emlegetnek.<br>&nbsp;Az inzulint \u00e9s m\u00e1s h\u0171t\u00e9st ig\u00e9nyl\u0151 gy\u00f3gyszereket 2\u20138 \u00b0C k\u00f6z\u00f6tt kell t\u00e1rolni.<br>&nbsp;Egy hosszabb \u00e1ramsz\u00fcnet eset\u00e9n ez a tartom\u00e1ny sim\u00e1n borul, \u00e9s az \u00e9rz\u00e9keny gy\u00f3gyszer vesz\u00edthet a hat\u00e1s\u00e1b\u00f3l.<\/p>\n\n\n\n<p><strong><em>Tipp:<\/em><\/strong><br>\u00a0Ha valaki inzulint t\u00e1rol otthon, \u00e9rdemes tartani egy hordozhat\u00f3 h\u0171t\u0151t\u00e1sk\u00e1t vagy mini akkus h\u0171t\u0151t, amit v\u00e9sz eset\u00e9n be lehet vetni.<\/p>\n\n\n\n<h2 class=\"wp-block-heading\">Mi lesz a riaszt\u00f3val?<\/h2>\n\n\n\n<p>A legt\u00f6bb modern riaszt\u00f3 \u00e9s okos otthoni rendszer rendelkezik akkumul\u00e1toros sz\u00fcnetmentes egys\u00e9ggel (UPS), de ezek csak p\u00e1r \u00f3r\u00e1t b\u00edrnak.<br>&nbsp;Ha nincs ilyen be\u00e9p\u00edtve, a rendszer teljesen le\u00e1ll \u2013 \u00e9s ezzel kiszolg\u00e1ltatott\u00e1 v\u00e1lik a lak\u00e1s.<\/p>\n\n\n\n<p><strong><em>Frici b\u00e1csi javaslata:<\/em><\/strong><br>\u00a0\u00c9rdemes legal\u00e1bb a riaszt\u00f3k\u00f6zpontot \u00e9s a routert egy kism\u00e9ret\u0171 sz\u00fcnetmentes t\u00e1pr\u00f3l (UPS) m\u0171k\u00f6dtetni. Nem luxus, hanem biztons\u00e1g.<\/p>\n\n\n\n<h2 class=\"wp-block-heading\">\u00c9s akkor most f\u00e9lj\u00fcnk?<\/h2>\n\n\n\n<p>Nem.<br>&nbsp;De \u00e9rdemes tudatosabban tekinteni a h\u00e1ztart\u00e1si rendszerekre, mert az \u00e1ramsz\u00fcnet nem csak a m\u00falt\u00e9 \u2013 hanem a j\u00f6v\u0151 r\u00e9sze is.<br>&nbsp;Meg\u00fajul\u00f3k, h\u00e1l\u00f3zati t\u00falterhel\u00e9sek, id\u0151j\u00e1r\u00e1si anom\u00e1li\u00e1k \u2013 ezek mind gyakoribb\u00e1 teszik a kimarad\u00e1sokat.<\/p>\n\n\n\n<p><strong><em>Frici b\u00e1csi 2 j\u00f3zan tan\u00e1csa, ha \u00e1ramkimarad\u00e1ssal sz\u00e1molunk:<\/em><\/strong><\/p>\n\n\n\n<p>1. Helyezz\u00fcnk \u00fczembe egy sz\u00fcnetmentes t\u00e1pegys\u00e9get, amivel (p\u00e9ld\u00e1ul) az al\u00e1bbi elemeket v\u00e9dhetj\u00fck:<\/p>\n\n\n\n<ul class=\"wp-block-list\">\n<li>a riaszt\u00f3t,<br><\/li>\n\n\n\n<li>az internet modemet\/routert (ha kamer\u00e1d is van),<br><\/li>\n\n\n\n<li>kaz\u00e1n elektromos rendszerei<br>erre egy nagyon j\u00f3 cikket tal\u00e1ltam nektek:<br><a href=\"https:\/\/www.agendaage.hu\/tudasbazis\/ups\/kazan-es-segedberendezeseinek-energiaellatasa-es-fogyasztasa\">Kaz\u00e1n \u00e9s seg\u00e9dberendez\u00e9seinek energiaell\u00e1t\u00e1sa, \u00e9s fogyaszt\u00e1sa &#8211; Agenda-Age Kft. | A h\u00e1l\u00f3zatspecialista<\/a><\/li>\n<\/ul>\n\n\n\n<p>2. \u00c1ll\u00edtsd be az eszk\u00f6z\u00f6ket k\u00e9sleltetett \u00fajraindul\u00e1sra, ha tudod \u2013 ezzel megk\u00edm\u00e9lheted a h\u0171t\u0151t, mos\u00f3g\u00e9pet, kaz\u00e1nt a t\u00fal korai \u201evisszar\u00e1nt\u00e1st\u00f3l\u201d.<\/p>","protected":false},"excerpt":{"rendered":"<p>Tegy\u00fck fel a k\u00e9rd\u00e9st \u0151szint\u00e9n:&nbsp;Mi t\u00f6rt\u00e9nik otthon, ha egyszer csak minden le\u00e1ll?&nbsp;Mert nemcsak Spanyolorsz\u00e1gban \u00e9s k\u00f6rny\u00e9k\u00e9n volt \u00e1ramsz\u00fcnet, de a j\u00f6v\u0151 h\u00e9ten Szombathelyen is hosszabb tervezett karbantart\u00e1s lesz, \u00e9s ki tudja, mikor ker\u00fcl sorra ez a r\u00e9gi\u00f3\u2026 Nem p\u00e1nikolni kell, hanem okosan felk\u00e9sz\u00fclni. \u00c9s a h\u0171t\u0151? Az els\u0151 k\u00e9rd\u00e9s, ami ilyenkor mindenkinek esz\u00e9be jut:&nbsp;\u201eMi lesz [&hellip;]<\/p>","protected":false},"author":5,"featured_media":2323,"comment_status":"open","ping_status":"open","sticky":false,"template":"","format":"standard","meta":{"_et_pb_use_builder":"off","_et_pb_old_content":"","_et_gb_content_width":"","footnotes":""},"categories":[62,11],"tags":[],"class_list":["post-2319","post","type-post","status-publish","format-standard","has-post-thumbnail","hentry","category-erdekesseg","category-roviden"],"yoast_head":"<!-- This site is optimized with the Yoast SEO plugin v26.1.1 - https:\/\/yoast.com\/wordpress\/plugins\/seo\/ -->\n<title>Mi t\u00f6rt\u00e9nik otthon, ha elmegy az \u00e1ram? \u2013 Frici b\u00e1csi megmondja - Frici b\u00e1csi villanyszereld\u00e9je - villanyszerel\u0151 kompromisszumok n\u00e9lk\u00fcl<\/title>\n<meta name=\"robots\" content=\"index, follow, max-snippet:-1, max-image-preview:large, max-video-preview:-1\" \/>\n<link rel=\"canonical\" href=\"https:\/\/fricibacsi.hu\/en\/tudastar\/aramszunet\/\" \/>\n<meta property=\"og:locale\" content=\"en_GB\" \/>\n<meta property=\"og:type\" content=\"article\" \/>\n<meta property=\"og:title\" content=\"Mi t\u00f6rt\u00e9nik otthon, ha elmegy az \u00e1ram? \u2013 Frici b\u00e1csi megmondja - Frici b\u00e1csi villanyszereld\u00e9je - villanyszerel\u0151 kompromisszumok n\u00e9lk\u00fcl\" \/>\n<meta property=\"og:description\" content=\"Tegy\u00fck fel a k\u00e9rd\u00e9st \u0151szint\u00e9n:&nbsp;Mi t\u00f6rt\u00e9nik otthon, ha egyszer csak minden le\u00e1ll?&nbsp;Mert nemcsak Spanyolorsz\u00e1gban \u00e9s k\u00f6rny\u00e9k\u00e9n volt \u00e1ramsz\u00fcnet, de a j\u00f6v\u0151 h\u00e9ten Szombathelyen is hosszabb tervezett karbantart\u00e1s lesz, \u00e9s ki tudja, mikor ker\u00fcl sorra ez a r\u00e9gi\u00f3\u2026 Nem p\u00e1nikolni kell, hanem okosan felk\u00e9sz\u00fclni. \u00c9s a h\u0171t\u0151? Az els\u0151 k\u00e9rd\u00e9s, ami ilyenkor mindenkinek esz\u00e9be jut:&nbsp;\u201eMi lesz [&hellip;]\" \/>\n<meta property=\"og:url\" content=\"https:\/\/fricibacsi.hu\/en\/tudastar\/aramszunet\/\" \/>\n<meta property=\"og:site_name\" content=\"Frici b\u00e1csi villanyszereld\u00e9je - villanyszerel\u0151 kompromisszumok n\u00e9lk\u00fcl\" \/>\n<meta property=\"article:publisher\" content=\"https:\/\/www.facebook.com\/FriciBa\" \/>\n<meta property=\"article:published_time\" content=\"2025-05-05T19:38:57+00:00\" \/>\n<meta property=\"article:modified_time\" content=\"2025-05-05T19:38:58+00:00\" \/>\n<meta property=\"og:image\" content=\"https:\/\/fricibacsi.hu\/wp-content\/uploads\/2025\/05\/aramszunet.jpg\" \/>\n\t<meta property=\"og:image:width\" content=\"1200\" \/>\n\t<meta property=\"og:image:height\" content=\"628\" \/>\n\t<meta property=\"og:image:type\" content=\"image\/jpeg\" \/>\n<meta name=\"author\" content=\"Vir\u00e1g Szentesy\" \/>\n<meta name=\"twitter:card\" content=\"summary_large_image\" \/>\n<meta name=\"twitter:label1\" content=\"Written by\" \/>\n\t<meta name=\"twitter:data1\" content=\"Vir\u00e1g Szentesy\" \/>\n\t<meta name=\"twitter:label2\" content=\"Estimated reading time\" \/>\n\t<meta name=\"twitter:data2\" content=\"3 minutes\" \/>\n<script type=\"application\/ld+json\" class=\"yoast-schema-graph\">{\"@context\":\"https:\/\/schema.org\",\"@graph\":[{\"@type\":\"Article\",\"@id\":\"https:\/\/fricibacsi.hu\/tudastar\/aramszunet\/#article\",\"isPartOf\":{\"@id\":\"https:\/\/fricibacsi.hu\/tudastar\/aramszunet\/\"},\"author\":{\"name\":\"Vir\u00e1g Szentesy\",\"@id\":\"https:\/\/fricibacsi.hu\/#\/schema\/person\/c4c1c8e5c24769356245b8788621d57d\"},\"headline\":\"Mi t\u00f6rt\u00e9nik otthon, ha elmegy az \u00e1ram? \u2013 Frici b\u00e1csi megmondja\",\"datePublished\":\"2025-05-05T19:38:57+00:00\",\"dateModified\":\"2025-05-05T19:38:58+00:00\",\"mainEntityOfPage\":{\"@id\":\"https:\/\/fricibacsi.hu\/tudastar\/aramszunet\/\"},\"wordCount\":629,\"commentCount\":0,\"publisher\":{\"@id\":\"https:\/\/fricibacsi.hu\/#organization\"},\"image\":{\"@id\":\"https:\/\/fricibacsi.hu\/tudastar\/aramszunet\/#primaryimage\"},\"thumbnailUrl\":\"https:\/\/fricibacsi.hu\/wp-content\/uploads\/2025\/05\/aramszunet.jpg\",\"articleSection\":[\"\u00c9rdekess\u00e9g\",\"R\u00f6viden\"],\"inLanguage\":\"en-GB\",\"potentialAction\":[{\"@type\":\"CommentAction\",\"name\":\"Comment\",\"target\":[\"https:\/\/fricibacsi.hu\/tudastar\/aramszunet\/#respond\"]}]},{\"@type\":\"WebPage\",\"@id\":\"https:\/\/fricibacsi.hu\/tudastar\/aramszunet\/\",\"url\":\"https:\/\/fricibacsi.hu\/tudastar\/aramszunet\/\",\"name\":\"Mi t\u00f6rt\u00e9nik otthon, ha elmegy az \u00e1ram? \u2013 Frici b\u00e1csi megmondja - Frici b\u00e1csi villanyszereld\u00e9je - villanyszerel\u0151 kompromisszumok n\u00e9lk\u00fcl\",\"isPartOf\":{\"@id\":\"https:\/\/fricibacsi.hu\/#website\"},\"primaryImageOfPage\":{\"@id\":\"https:\/\/fricibacsi.hu\/tudastar\/aramszunet\/#primaryimage\"},\"image\":{\"@id\":\"https:\/\/fricibacsi.hu\/tudastar\/aramszunet\/#primaryimage\"},\"thumbnailUrl\":\"https:\/\/fricibacsi.hu\/wp-content\/uploads\/2025\/05\/aramszunet.jpg\",\"datePublished\":\"2025-05-05T19:38:57+00:00\",\"dateModified\":\"2025-05-05T19:38:58+00:00\",\"breadcrumb\":{\"@id\":\"https:\/\/fricibacsi.hu\/tudastar\/aramszunet\/#breadcrumb\"},\"inLanguage\":\"en-GB\",\"potentialAction\":[{\"@type\":\"ReadAction\",\"target\":[\"https:\/\/fricibacsi.hu\/tudastar\/aramszunet\/\"]}]},{\"@type\":\"ImageObject\",\"inLanguage\":\"en-GB\",\"@id\":\"https:\/\/fricibacsi.hu\/tudastar\/aramszunet\/#primaryimage\",\"url\":\"https:\/\/fricibacsi.hu\/wp-content\/uploads\/2025\/05\/aramszunet.jpg\",\"contentUrl\":\"https:\/\/fricibacsi.hu\/wp-content\/uploads\/2025\/05\/aramszunet.jpg\",\"width\":1200,\"height\":628,\"caption\":\"\u00c1ramsz\u00fcnet\"},{\"@type\":\"BreadcrumbList\",\"@id\":\"https:\/\/fricibacsi.hu\/tudastar\/aramszunet\/#breadcrumb\",\"itemListElement\":[{\"@type\":\"ListItem\",\"position\":1,\"name\":\"Kezd\u0151lap\",\"item\":\"https:\/\/fricibacsi.hu\/\"},{\"@type\":\"ListItem\",\"position\":2,\"name\":\"Mi t\u00f6rt\u00e9nik otthon, ha elmegy az \u00e1ram? \u2013 Frici b\u00e1csi megmondja\"}]},{\"@type\":\"WebSite\",\"@id\":\"https:\/\/fricibacsi.hu\/#website\",\"url\":\"https:\/\/fricibacsi.hu\/\",\"name\":\"Frici b\u00e1csi villanyszereld\u00e9je\",\"description\":\"Kompromisszumok n\u00e9lk\u00fcli villanyszerel\u00e9s\",\"publisher\":{\"@id\":\"https:\/\/fricibacsi.hu\/#organization\"},\"potentialAction\":[{\"@type\":\"SearchAction\",\"target\":{\"@type\":\"EntryPoint\",\"urlTemplate\":\"https:\/\/fricibacsi.hu\/?s={search_term_string}\"},\"query-input\":{\"@type\":\"PropertyValueSpecification\",\"valueRequired\":true,\"valueName\":\"search_term_string\"}}],\"inLanguage\":\"en-GB\"},{\"@type\":\"Organization\",\"@id\":\"https:\/\/fricibacsi.hu\/#organization\",\"name\":\"Frici b\u00e1csi villanyszereld\u00e9je\",\"url\":\"https:\/\/fricibacsi.hu\/\",\"logo\":{\"@type\":\"ImageObject\",\"inLanguage\":\"en-GB\",\"@id\":\"https:\/\/fricibacsi.hu\/#\/schema\/logo\/image\/\",\"url\":\"https:\/\/fricibacsi.hu\/wp-content\/uploads\/2024\/03\/cropped-Frici_profile_v2.jpg\",\"contentUrl\":\"https:\/\/fricibacsi.hu\/wp-content\/uploads\/2024\/03\/cropped-Frici_profile_v2.jpg\",\"width\":512,\"height\":512,\"caption\":\"Frici b\u00e1csi villanyszereld\u00e9je\"},\"image\":{\"@id\":\"https:\/\/fricibacsi.hu\/#\/schema\/logo\/image\/\"},\"sameAs\":[\"https:\/\/www.facebook.com\/FriciBa\",\"https:\/\/www.instagram.com\/frici_bacsi_villanyszereldeje\/\"]},{\"@type\":\"Person\",\"@id\":\"https:\/\/fricibacsi.hu\/#\/schema\/person\/c4c1c8e5c24769356245b8788621d57d\",\"name\":\"Vir\u00e1g Szentesy\",\"image\":{\"@type\":\"ImageObject\",\"inLanguage\":\"en-GB\",\"@id\":\"https:\/\/fricibacsi.hu\/#\/schema\/person\/image\/\",\"url\":\"https:\/\/secure.gravatar.com\/avatar\/78ab99d4dc4329c8f94cbad0f78cfadc8f016e7d5dde605d96b74f728007f5f5?s=96&d=mm&r=g\",\"contentUrl\":\"https:\/\/secure.gravatar.com\/avatar\/78ab99d4dc4329c8f94cbad0f78cfadc8f016e7d5dde605d96b74f728007f5f5?s=96&d=mm&r=g\",\"caption\":\"Vir\u00e1g Szentesy\"},\"url\":\"https:\/\/fricibacsi.hu\/en\/tudastar\/author\/virag\/\"}]}<\/script>\n<!-- \/ Yoast SEO plugin. -->","yoast_head_json":{"title":"Mi t\u00f6rt\u00e9nik otthon, ha elmegy az \u00e1ram? \u2013 Frici b\u00e1csi megmondja - Frici b\u00e1csi villanyszereld\u00e9je - villanyszerel\u0151 kompromisszumok n\u00e9lk\u00fcl","robots":{"index":"index","follow":"follow","max-snippet":"max-snippet:-1","max-image-preview":"max-image-preview:large","max-video-preview":"max-video-preview:-1"},"canonical":"https:\/\/fricibacsi.hu\/en\/tudastar\/aramszunet\/","og_locale":"en_GB","og_type":"article","og_title":"Mi t\u00f6rt\u00e9nik otthon, ha elmegy az \u00e1ram? \u2013 Frici b\u00e1csi megmondja - Frici b\u00e1csi villanyszereld\u00e9je - villanyszerel\u0151 kompromisszumok n\u00e9lk\u00fcl","og_description":"Tegy\u00fck fel a k\u00e9rd\u00e9st \u0151szint\u00e9n:&nbsp;Mi t\u00f6rt\u00e9nik otthon, ha egyszer csak minden le\u00e1ll?&nbsp;Mert nemcsak Spanyolorsz\u00e1gban \u00e9s k\u00f6rny\u00e9k\u00e9n volt \u00e1ramsz\u00fcnet, de a j\u00f6v\u0151 h\u00e9ten Szombathelyen is hosszabb tervezett karbantart\u00e1s lesz, \u00e9s ki tudja, mikor ker\u00fcl sorra ez a r\u00e9gi\u00f3\u2026 Nem p\u00e1nikolni kell, hanem okosan felk\u00e9sz\u00fclni. \u00c9s a h\u0171t\u0151? Az els\u0151 k\u00e9rd\u00e9s, ami ilyenkor mindenkinek esz\u00e9be jut:&nbsp;\u201eMi lesz [&hellip;]","og_url":"https:\/\/fricibacsi.hu\/en\/tudastar\/aramszunet\/","og_site_name":"Frici b\u00e1csi villanyszereld\u00e9je - villanyszerel\u0151 kompromisszumok n\u00e9lk\u00fcl","article_publisher":"https:\/\/www.facebook.com\/FriciBa","article_published_time":"2025-05-05T19:38:57+00:00","article_modified_time":"2025-05-05T19:38:58+00:00","og_image":[{"width":1200,"height":628,"url":"https:\/\/fricibacsi.hu\/wp-content\/uploads\/2025\/05\/aramszunet.jpg","type":"image\/jpeg"}],"author":"Vir\u00e1g Szentesy","twitter_card":"summary_large_image","twitter_misc":{"Written by":"Vir\u00e1g Szentesy","Estimated reading time":"3 minutes"},"schema":{"@context":"https:\/\/schema.org","@graph":[{"@type":"Article","@id":"https:\/\/fricibacsi.hu\/tudastar\/aramszunet\/#article","isPartOf":{"@id":"https:\/\/fricibacsi.hu\/tudastar\/aramszunet\/"},"author":{"name":"Vir\u00e1g Szentesy","@id":"https:\/\/fricibacsi.hu\/#\/schema\/person\/c4c1c8e5c24769356245b8788621d57d"},"headline":"Mi t\u00f6rt\u00e9nik otthon, ha elmegy az \u00e1ram? \u2013 Frici b\u00e1csi megmondja","datePublished":"2025-05-05T19:38:57+00:00","dateModified":"2025-05-05T19:38:58+00:00","mainEntityOfPage":{"@id":"https:\/\/fricibacsi.hu\/tudastar\/aramszunet\/"},"wordCount":629,"commentCount":0,"publisher":{"@id":"https:\/\/fricibacsi.hu\/#organization"},"image":{"@id":"https:\/\/fricibacsi.hu\/tudastar\/aramszunet\/#primaryimage"},"thumbnailUrl":"https:\/\/fricibacsi.hu\/wp-content\/uploads\/2025\/05\/aramszunet.jpg","articleSection":["\u00c9rdekess\u00e9g","R\u00f6viden"],"inLanguage":"en-GB","potentialAction":[{"@type":"CommentAction","name":"Comment","target":["https:\/\/fricibacsi.hu\/tudastar\/aramszunet\/#respond"]}]},{"@type":"WebPage","@id":"https:\/\/fricibacsi.hu\/tudastar\/aramszunet\/","url":"https:\/\/fricibacsi.hu\/tudastar\/aramszunet\/","name":"Mi t\u00f6rt\u00e9nik otthon, ha elmegy az \u00e1ram? \u2013 Frici b\u00e1csi megmondja - Frici b\u00e1csi villanyszereld\u00e9je - villanyszerel\u0151 kompromisszumok n\u00e9lk\u00fcl","isPartOf":{"@id":"https:\/\/fricibacsi.hu\/#website"},"primaryImageOfPage":{"@id":"https:\/\/fricibacsi.hu\/tudastar\/aramszunet\/#primaryimage"},"image":{"@id":"https:\/\/fricibacsi.hu\/tudastar\/aramszunet\/#primaryimage"},"thumbnailUrl":"https:\/\/fricibacsi.hu\/wp-content\/uploads\/2025\/05\/aramszunet.jpg","datePublished":"2025-05-05T19:38:57+00:00","dateModified":"2025-05-05T19:38:58+00:00","breadcrumb":{"@id":"https:\/\/fricibacsi.hu\/tudastar\/aramszunet\/#breadcrumb"},"inLanguage":"en-GB","potentialAction":[{"@type":"ReadAction","target":["https:\/\/fricibacsi.hu\/tudastar\/aramszunet\/"]}]},{"@type":"ImageObject","inLanguage":"en-GB","@id":"https:\/\/fricibacsi.hu\/tudastar\/aramszunet\/#primaryimage","url":"https:\/\/fricibacsi.hu\/wp-content\/uploads\/2025\/05\/aramszunet.jpg","contentUrl":"https:\/\/fricibacsi.hu\/wp-content\/uploads\/2025\/05\/aramszunet.jpg","width":1200,"height":628,"caption":"\u00c1ramsz\u00fcnet"},{"@type":"BreadcrumbList","@id":"https:\/\/fricibacsi.hu\/tudastar\/aramszunet\/#breadcrumb","itemListElement":[{"@type":"ListItem","position":1,"name":"Kezd\u0151lap","item":"https:\/\/fricibacsi.hu\/"},{"@type":"ListItem","position":2,"name":"Mi t\u00f6rt\u00e9nik otthon, ha elmegy az \u00e1ram? \u2013 Frici b\u00e1csi megmondja"}]},{"@type":"WebSite","@id":"https:\/\/fricibacsi.hu\/#website","url":"https:\/\/fricibacsi.hu\/","name":"Uncle Frici's Electric Works","description":"Kompromisszumok n\u00e9lk\u00fcli villanyszerel\u00e9s","publisher":{"@id":"https:\/\/fricibacsi.hu\/#organization"},"potentialAction":[{"@type":"SearchAction","target":{"@type":"EntryPoint","urlTemplate":"https:\/\/fricibacsi.hu\/?s={search_term_string}"},"query-input":{"@type":"PropertyValueSpecification","valueRequired":true,"valueName":"search_term_string"}}],"inLanguage":"en-GB"},{"@type":"Organization","@id":"https:\/\/fricibacsi.hu\/#organization","name":"Uncle Frici's Electric Works","url":"https:\/\/fricibacsi.hu\/","logo":{"@type":"ImageObject","inLanguage":"en-GB","@id":"https:\/\/fricibacsi.hu\/#\/schema\/logo\/image\/","url":"https:\/\/fricibacsi.hu\/wp-content\/uploads\/2024\/03\/cropped-Frici_profile_v2.jpg","contentUrl":"https:\/\/fricibacsi.hu\/wp-content\/uploads\/2024\/03\/cropped-Frici_profile_v2.jpg","width":512,"height":512,"caption":"Frici b\u00e1csi villanyszereld\u00e9je"},"image":{"@id":"https:\/\/fricibacsi.hu\/#\/schema\/logo\/image\/"},"sameAs":["https:\/\/www.facebook.com\/FriciBa","https:\/\/www.instagram.com\/frici_bacsi_villanyszereldeje\/"]},{"@type":"Person","@id":"https:\/\/fricibacsi.hu\/#\/schema\/person\/c4c1c8e5c24769356245b8788621d57d","name":"Vir\u00e1g Szentesy","image":{"@type":"ImageObject","inLanguage":"en-GB","@id":"https:\/\/fricibacsi.hu\/#\/schema\/person\/image\/","url":"https:\/\/secure.gravatar.com\/avatar\/78ab99d4dc4329c8f94cbad0f78cfadc8f016e7d5dde605d96b74f728007f5f5?s=96&d=mm&r=g","contentUrl":"https:\/\/secure.gravatar.com\/avatar\/78ab99d4dc4329c8f94cbad0f78cfadc8f016e7d5dde605d96b74f728007f5f5?s=96&d=mm&r=g","caption":"Vir\u00e1g Szentesy"},"url":"https:\/\/fricibacsi.hu\/en\/tudastar\/author\/virag\/"}]}},"_links":{"self":[{"href":"https:\/\/fricibacsi.hu\/en\/wp-json\/wp\/v2\/posts\/2319","targetHints":{"allow":["GET"]}}],"collection":[{"href":"https:\/\/fricibacsi.hu\/en\/wp-json\/wp\/v2\/posts"}],"about":[{"href":"https:\/\/fricibacsi.hu\/en\/wp-json\/wp\/v2\/types\/post"}],"author":[{"embeddable":true,"href":"https:\/\/fricibacsi.hu\/en\/wp-json\/wp\/v2\/users\/5"}],"replies":[{"embeddable":true,"href":"https:\/\/fricibacsi.hu\/en\/wp-json\/wp\/v2\/comments?post=2319"}],"version-history":[{"count":3,"href":"https:\/\/fricibacsi.hu\/en\/wp-json\/wp\/v2\/posts\/2319\/revisions"}],"predecessor-version":[{"id":2322,"href":"https:\/\/fricibacsi.hu\/en\/wp-json\/wp\/v2\/posts\/2319\/revisions\/2322"}],"wp:featuredmedia":[{"embeddable":true,"href":"https:\/\/fricibacsi.hu\/en\/wp-json\/wp\/v2\/media\/2323"}],"wp:attachment":[{"href":"https:\/\/fricibacsi.hu\/en\/wp-json\/wp\/v2\/media?parent=2319"}],"wp:term":[{"taxonomy":"category","embeddable":true,"href":"https:\/\/fricibacsi.hu\/en\/wp-json\/wp\/v2\/categories?post=2319"},{"taxonomy":"post_tag","embeddable":true,"href":"https:\/\/fricibacsi.hu\/en\/wp-json\/wp\/v2\/tags?post=2319"}],"curies":[{"name":"wp","href":"https:\/\/api.w.org\/{rel}","templated":true}]}}