{"id":2222,"date":"2025-01-07T06:20:07","date_gmt":"2025-01-07T06:20:07","guid":{"rendered":"https:\/\/fricibacsi.hu\/?p=2222"},"modified":"2025-01-07T06:20:08","modified_gmt":"2025-01-07T06:20:08","slug":"elektromos-generatorok","status":"publish","type":"post","link":"https:\/\/fricibacsi.hu\/en\/tudastar\/elektromos-generatorok\/","title":{"rendered":"Az elektromos gener\u00e1torok fejl\u0151d\u00e9se"},"content":{"rendered":"<p class=\"has-text-align-center\"><strong><em>Amit nem tan\u00edtanak a villanyszerel\u0151 iskol\u00e1kban<\/em><\/strong><\/p>\n\n\n\n<p class=\"has-small-font-size\">Az elektromos gener\u00e1torok olyan eszk\u00f6z\u00f6k, amelyek mechanikai energi\u00e1t alak\u00edtanak \u00e1t elektromos energi\u00e1v\u00e1, \u00e9s alapvet\u0151 szerepet j\u00e1tszanak a modern t\u00e1rsadalom energetiz\u00e1l\u00e1s\u00e1ban.<\/p>\n\n\n\n<h2 class=\"wp-block-heading\">Korai fejleszt\u00e9sek<\/h2>\n\n\n\n<p>Megjelen\u00e9s\u00fck a 19. sz\u00e1zad elej\u00e9n tehet\u0151. Michael Faraday, brit tud\u00f3s, 1831-ben fedezte fel az elektrom\u00e1gneses indukci\u00f3 jelens\u00e9g\u00e9t, amely az elektromos gener\u00e1torok m\u0171k\u00f6d\u00e9s\u00e9nek alapja. Faraday k\u00eds\u00e9rletei sor\u00e1n megfigyelte, hogy egy m\u00e1gneses mez\u0151 v\u00e1ltoz\u00e1sa elektromos \u00e1ramot induk\u00e1l egy vezet\u0151ben. Ez a felfedez\u00e9s vezetett az els\u0151 elektromos gener\u00e1tor, az \u00fagynevezett &#8222;Faraday korong&#8221; megalkot\u00e1s\u00e1hoz.<\/p>\n\n\n\n<p>Ezekkel a korongokkal m\u00e1r tal\u00e1lkozhattak a szemf\u00fclesebbek: <a href=\"https:\/\/fricibacsi.hu\/en\/tudastar\/elektromagneses-indukcio\/\">Elektrom\u00e1gneses indukci\u00f3 &#8211; Frici b\u00e1csi villanyszereld\u00e9je &#8211; villanyszerel\u0151 kompromisszumok n\u00e9lk\u00fcl<\/a><\/p>\n\n\n\n<h2 class=\"wp-block-heading\">Megjelennek a dinam\u00f3k<\/h2>\n\n\n\n<p>Az ipari forradalom idej\u00e9n az elektromos gener\u00e1torok jelent\u0151s fejl\u0151d\u00e9sen mentek kereszt\u00fcl. Werner von Siemens \u00e9s Charles Wheatstone f\u00fcggetlen\u00fcl fejlesztett\u00e9k ki az els\u0151 dinam\u00f3kat az 1860-as \u00e9vekben. A dinam\u00f3k olyan gener\u00e1torok voltak, amelyek k\u00e9pesek voltak folyamatos elektromos \u00e1ramot termelni, \u00e9s alapvet\u0151 szerepet j\u00e1tszottak az ipari termel\u00e9sben \u00e9s a v\u00e1rosi elektromos h\u00e1l\u00f3zatok kialak\u00edt\u00e1s\u00e1ban.<\/p>\n\n\n\n<h2 class=\"wp-block-heading\">A v\u00e1ltakoz\u00f3 \u00e1ram\u00fa gener\u00e1torok megjelen\u00e9se<\/h2>\n\n\n\n<p>A 19. sz\u00e1zad v\u00e9g\u00e9n Nikola Tesla \u00e9s George Westinghouse munk\u00e1ss\u00e1ga r\u00e9v\u00e9n megjelentek a v\u00e1ltakoz\u00f3 \u00e1ram\u00fa (AC) gener\u00e1torok. Tesla kifejlesztette a v\u00e1ltakoz\u00f3 \u00e1ram\u00fa rendszert, amely hat\u00e9konyabbnak bizonyult a kor\u00e1bbi egyen\u00e1ram\u00fa (DC) rendszerekn\u00e9l. Az AC gener\u00e1torok lehet\u0151v\u00e9 tett\u00e9k az elektromos energia nagy t\u00e1vols\u00e1gokra t\u00f6rt\u00e9n\u0151 tov\u00e1bb\u00edt\u00e1s\u00e1t, ami forradalmas\u00edtotta az energiaeloszt\u00e1st \u00e9s hozz\u00e1j\u00e1rult a modern elektromos h\u00e1l\u00f3zatok kialakul\u00e1s\u00e1hoz.<\/p>\n\n\n\n<h2 class=\"wp-block-heading\">Modern fejleszt\u00e9sek<\/h2>\n\n\n\n<p>A 20. sz\u00e1zadban az elektromos gener\u00e1torok technol\u00f3gi\u00e1ja tov\u00e1bb fejl\u0151d\u00f6tt. Az atomenergia megjelen\u00e9s\u00e9vel \u00faj t\u00edpus\u00fa gener\u00e1torok, az \u00fagynevezett turbogener\u00e1torok jelentek meg, amelyek nagy hat\u00e9konys\u00e1ggal k\u00e9pesek elektromos energi\u00e1t termelni. Emellett a meg\u00fajul\u00f3 energiaforr\u00e1sok, mint p\u00e9ld\u00e1ul a sz\u00e9l- \u00e9s napenergia, \u00faj kih\u00edv\u00e1sokat \u00e9s lehet\u0151s\u00e9geket hoztak az elektromos gener\u00e1torok fejleszt\u00e9s\u00e9ben.<\/p>\n\n\n\n<p><\/p>\n\n\n\n<p>\u00d6sszefoglalva, az elektromos gener\u00e1torok fejl\u0151d\u00e9se az elm\u00falt k\u00e9t \u00e9vsz\u00e1zadban jelent\u0151s hat\u00e1ssal volt a modern t\u00e1rsadalomra. Az \u00faj technol\u00f3gi\u00e1k \u00e9s innov\u00e1ci\u00f3k tov\u00e1bbra is alak\u00edtj\u00e1k az energiaipart, \u00e9s hozz\u00e1j\u00e1rulnak egy fenntarthat\u00f3bb j\u00f6v\u0151 megteremt\u00e9s\u00e9hez.<\/p>","protected":false},"excerpt":{"rendered":"<p>Az elektromos gener\u00e1torok fejl\u0151d\u00e9se az elm\u00falt k\u00e9t \u00e9vsz\u00e1zadban jelent\u0151s hat\u00e1ssal volt a modern t\u00e1rsadalomra. Az \u00faj technol\u00f3gi\u00e1k \u00e9s innov\u00e1ci\u00f3k tov\u00e1bbra is alak\u00edtj\u00e1k az energiaipart, \u00e9s hozz\u00e1j\u00e1rulnak egy fenntarthat\u00f3bb j\u00f6v\u0151 megteremt\u00e9s\u00e9hez.<\/p>","protected":false},"author":3,"featured_media":2224,"comment_status":"open","ping_status":"open","sticky":false,"template":"","format":"standard","meta":{"_et_pb_use_builder":"off","_et_pb_old_content":"","_et_gb_content_width":"","footnotes":""},"categories":[61,10],"tags":[],"class_list":["post-2222","post","type-post","status-publish","format-standard","has-post-thumbnail","hentry","category-aram-light","category-tudtad-e"],"yoast_head":"<!-- This site is optimized with the Yoast SEO plugin v26.1.1 - https:\/\/yoast.com\/wordpress\/plugins\/seo\/ -->\n<title>Az elektromos gener\u00e1torok fejl\u0151d\u00e9se - Frici b\u00e1csi villanyszereld\u00e9je - villanyszerel\u0151 kompromisszumok n\u00e9lk\u00fcl<\/title>\n<meta name=\"description\" content=\"Az elektromos gener\u00e1torok fejl\u0151d\u00e9se az elm\u00falt k\u00e9t \u00e9vsz\u00e1zadban jelent\u0151s hat\u00e1ssal volt a modern t\u00e1rsadalomra..\" \/>\n<meta name=\"robots\" content=\"index, follow, max-snippet:-1, max-image-preview:large, max-video-preview:-1\" \/>\n<link rel=\"canonical\" href=\"https:\/\/fricibacsi.hu\/en\/tudastar\/elektromos-generatorok\/\" \/>\n<meta property=\"og:locale\" content=\"en_GB\" \/>\n<meta property=\"og:type\" content=\"article\" \/>\n<meta property=\"og:title\" content=\"Az elektromos gener\u00e1torok fejl\u0151d\u00e9se - Frici b\u00e1csi villanyszereld\u00e9je - villanyszerel\u0151 kompromisszumok n\u00e9lk\u00fcl\" \/>\n<meta property=\"og:description\" content=\"Az elektromos gener\u00e1torok fejl\u0151d\u00e9se az elm\u00falt k\u00e9t \u00e9vsz\u00e1zadban jelent\u0151s hat\u00e1ssal volt a modern t\u00e1rsadalomra..\" \/>\n<meta property=\"og:url\" content=\"https:\/\/fricibacsi.hu\/en\/tudastar\/elektromos-generatorok\/\" \/>\n<meta property=\"og:site_name\" content=\"Frici b\u00e1csi villanyszereld\u00e9je - villanyszerel\u0151 kompromisszumok n\u00e9lk\u00fcl\" \/>\n<meta property=\"article:publisher\" content=\"https:\/\/www.facebook.com\/FriciBa\" \/>\n<meta property=\"article:published_time\" content=\"2025-01-07T06:20:07+00:00\" \/>\n<meta property=\"article:modified_time\" content=\"2025-01-07T06:20:08+00:00\" \/>\n<meta property=\"og:image\" content=\"https:\/\/fricibacsi.hu\/wp-content\/uploads\/2025\/01\/dinamo2.jpg\" \/>\n\t<meta property=\"og:image:width\" content=\"1200\" \/>\n\t<meta property=\"og:image:height\" content=\"628\" \/>\n\t<meta property=\"og:image:type\" content=\"image\/jpeg\" \/>\n<meta name=\"author\" content=\"Frici b\u00e1csi\" \/>\n<meta name=\"twitter:card\" content=\"summary_large_image\" \/>\n<meta name=\"twitter:label1\" content=\"Written by\" \/>\n\t<meta name=\"twitter:data1\" content=\"Frici b\u00e1csi\" \/>\n\t<meta name=\"twitter:label2\" content=\"Estimated reading time\" \/>\n\t<meta name=\"twitter:data2\" content=\"2 minutes\" \/>\n<script type=\"application\/ld+json\" class=\"yoast-schema-graph\">{\"@context\":\"https:\/\/schema.org\",\"@graph\":[{\"@type\":\"Article\",\"@id\":\"https:\/\/fricibacsi.hu\/tudastar\/elektromos-generatorok\/#article\",\"isPartOf\":{\"@id\":\"https:\/\/fricibacsi.hu\/tudastar\/elektromos-generatorok\/\"},\"author\":{\"name\":\"Frici b\u00e1csi\",\"@id\":\"https:\/\/fricibacsi.hu\/#\/schema\/person\/e638905f4c12f8b0389ff3705c97f76f\"},\"headline\":\"Az elektromos gener\u00e1torok fejl\u0151d\u00e9se\",\"datePublished\":\"2025-01-07T06:20:07+00:00\",\"dateModified\":\"2025-01-07T06:20:08+00:00\",\"mainEntityOfPage\":{\"@id\":\"https:\/\/fricibacsi.hu\/tudastar\/elektromos-generatorok\/\"},\"wordCount\":447,\"commentCount\":0,\"publisher\":{\"@id\":\"https:\/\/fricibacsi.hu\/#organization\"},\"image\":{\"@id\":\"https:\/\/fricibacsi.hu\/tudastar\/elektromos-generatorok\/#primaryimage\"},\"thumbnailUrl\":\"https:\/\/fricibacsi.hu\/wp-content\/uploads\/2025\/01\/dinamo2.jpg\",\"articleSection\":[\"\u00c1ram light\",\"Tudtad-e?\"],\"inLanguage\":\"en-GB\",\"potentialAction\":[{\"@type\":\"CommentAction\",\"name\":\"Comment\",\"target\":[\"https:\/\/fricibacsi.hu\/tudastar\/elektromos-generatorok\/#respond\"]}]},{\"@type\":\"WebPage\",\"@id\":\"https:\/\/fricibacsi.hu\/tudastar\/elektromos-generatorok\/\",\"url\":\"https:\/\/fricibacsi.hu\/tudastar\/elektromos-generatorok\/\",\"name\":\"Az elektromos gener\u00e1torok fejl\u0151d\u00e9se - Frici b\u00e1csi villanyszereld\u00e9je - villanyszerel\u0151 kompromisszumok n\u00e9lk\u00fcl\",\"isPartOf\":{\"@id\":\"https:\/\/fricibacsi.hu\/#website\"},\"primaryImageOfPage\":{\"@id\":\"https:\/\/fricibacsi.hu\/tudastar\/elektromos-generatorok\/#primaryimage\"},\"image\":{\"@id\":\"https:\/\/fricibacsi.hu\/tudastar\/elektromos-generatorok\/#primaryimage\"},\"thumbnailUrl\":\"https:\/\/fricibacsi.hu\/wp-content\/uploads\/2025\/01\/dinamo2.jpg\",\"datePublished\":\"2025-01-07T06:20:07+00:00\",\"dateModified\":\"2025-01-07T06:20:08+00:00\",\"description\":\"Az elektromos gener\u00e1torok fejl\u0151d\u00e9se az elm\u00falt k\u00e9t \u00e9vsz\u00e1zadban jelent\u0151s hat\u00e1ssal volt a modern t\u00e1rsadalomra..\",\"breadcrumb\":{\"@id\":\"https:\/\/fricibacsi.hu\/tudastar\/elektromos-generatorok\/#breadcrumb\"},\"inLanguage\":\"en-GB\",\"potentialAction\":[{\"@type\":\"ReadAction\",\"target\":[\"https:\/\/fricibacsi.hu\/tudastar\/elektromos-generatorok\/\"]}]},{\"@type\":\"ImageObject\",\"inLanguage\":\"en-GB\",\"@id\":\"https:\/\/fricibacsi.hu\/tudastar\/elektromos-generatorok\/#primaryimage\",\"url\":\"https:\/\/fricibacsi.hu\/wp-content\/uploads\/2025\/01\/dinamo2.jpg\",\"contentUrl\":\"https:\/\/fricibacsi.hu\/wp-content\/uploads\/2025\/01\/dinamo2.jpg\",\"width\":1200,\"height\":628,\"caption\":\"Siemens dinam\u00f3\"},{\"@type\":\"BreadcrumbList\",\"@id\":\"https:\/\/fricibacsi.hu\/tudastar\/elektromos-generatorok\/#breadcrumb\",\"itemListElement\":[{\"@type\":\"ListItem\",\"position\":1,\"name\":\"Kezd\u0151lap\",\"item\":\"https:\/\/fricibacsi.hu\/\"},{\"@type\":\"ListItem\",\"position\":2,\"name\":\"Az elektromos gener\u00e1torok fejl\u0151d\u00e9se\"}]},{\"@type\":\"WebSite\",\"@id\":\"https:\/\/fricibacsi.hu\/#website\",\"url\":\"https:\/\/fricibacsi.hu\/\",\"name\":\"Frici b\u00e1csi villanyszereld\u00e9je\",\"description\":\"Kompromisszumok n\u00e9lk\u00fcli villanyszerel\u00e9s\",\"publisher\":{\"@id\":\"https:\/\/fricibacsi.hu\/#organization\"},\"potentialAction\":[{\"@type\":\"SearchAction\",\"target\":{\"@type\":\"EntryPoint\",\"urlTemplate\":\"https:\/\/fricibacsi.hu\/?s={search_term_string}\"},\"query-input\":{\"@type\":\"PropertyValueSpecification\",\"valueRequired\":true,\"valueName\":\"search_term_string\"}}],\"inLanguage\":\"en-GB\"},{\"@type\":\"Organization\",\"@id\":\"https:\/\/fricibacsi.hu\/#organization\",\"name\":\"Frici b\u00e1csi villanyszereld\u00e9je\",\"url\":\"https:\/\/fricibacsi.hu\/\",\"logo\":{\"@type\":\"ImageObject\",\"inLanguage\":\"en-GB\",\"@id\":\"https:\/\/fricibacsi.hu\/#\/schema\/logo\/image\/\",\"url\":\"https:\/\/fricibacsi.hu\/wp-content\/uploads\/2024\/03\/cropped-Frici_profile_v2.jpg\",\"contentUrl\":\"https:\/\/fricibacsi.hu\/wp-content\/uploads\/2024\/03\/cropped-Frici_profile_v2.jpg\",\"width\":512,\"height\":512,\"caption\":\"Frici b\u00e1csi villanyszereld\u00e9je\"},\"image\":{\"@id\":\"https:\/\/fricibacsi.hu\/#\/schema\/logo\/image\/\"},\"sameAs\":[\"https:\/\/www.facebook.com\/FriciBa\",\"https:\/\/www.instagram.com\/frici_bacsi_villanyszereldeje\/\"]},{\"@type\":\"Person\",\"@id\":\"https:\/\/fricibacsi.hu\/#\/schema\/person\/e638905f4c12f8b0389ff3705c97f76f\",\"name\":\"Frici b\u00e1csi\",\"image\":{\"@type\":\"ImageObject\",\"inLanguage\":\"en-GB\",\"@id\":\"https:\/\/fricibacsi.hu\/#\/schema\/person\/image\/\",\"url\":\"https:\/\/secure.gravatar.com\/avatar\/6dcd73b7f648a63dca3bab34c2017cb691ad5d2fd6708dc7c17275b1ea66876d?s=96&d=mm&r=g\",\"contentUrl\":\"https:\/\/secure.gravatar.com\/avatar\/6dcd73b7f648a63dca3bab34c2017cb691ad5d2fd6708dc7c17275b1ea66876d?s=96&d=mm&r=g\",\"caption\":\"Frici b\u00e1csi\"},\"url\":\"https:\/\/fricibacsi.hu\/en\/tudastar\/author\/frici_bacsi\/\"}]}<\/script>\n<!-- \/ Yoast SEO plugin. -->","yoast_head_json":{"title":"Az elektromos gener\u00e1torok fejl\u0151d\u00e9se - Frici b\u00e1csi villanyszereld\u00e9je - villanyszerel\u0151 kompromisszumok n\u00e9lk\u00fcl","description":"Az elektromos gener\u00e1torok fejl\u0151d\u00e9se az elm\u00falt k\u00e9t \u00e9vsz\u00e1zadban jelent\u0151s hat\u00e1ssal volt a modern t\u00e1rsadalomra..","robots":{"index":"index","follow":"follow","max-snippet":"max-snippet:-1","max-image-preview":"max-image-preview:large","max-video-preview":"max-video-preview:-1"},"canonical":"https:\/\/fricibacsi.hu\/en\/tudastar\/elektromos-generatorok\/","og_locale":"en_GB","og_type":"article","og_title":"Az elektromos gener\u00e1torok fejl\u0151d\u00e9se - Frici b\u00e1csi villanyszereld\u00e9je - villanyszerel\u0151 kompromisszumok n\u00e9lk\u00fcl","og_description":"Az elektromos gener\u00e1torok fejl\u0151d\u00e9se az elm\u00falt k\u00e9t \u00e9vsz\u00e1zadban jelent\u0151s hat\u00e1ssal volt a modern t\u00e1rsadalomra..","og_url":"https:\/\/fricibacsi.hu\/en\/tudastar\/elektromos-generatorok\/","og_site_name":"Frici b\u00e1csi villanyszereld\u00e9je - villanyszerel\u0151 kompromisszumok n\u00e9lk\u00fcl","article_publisher":"https:\/\/www.facebook.com\/FriciBa","article_published_time":"2025-01-07T06:20:07+00:00","article_modified_time":"2025-01-07T06:20:08+00:00","og_image":[{"width":1200,"height":628,"url":"https:\/\/fricibacsi.hu\/wp-content\/uploads\/2025\/01\/dinamo2.jpg","type":"image\/jpeg"}],"author":"Frici b\u00e1csi","twitter_card":"summary_large_image","twitter_misc":{"Written by":"Frici b\u00e1csi","Estimated reading time":"2 minutes"},"schema":{"@context":"https:\/\/schema.org","@graph":[{"@type":"Article","@id":"https:\/\/fricibacsi.hu\/tudastar\/elektromos-generatorok\/#article","isPartOf":{"@id":"https:\/\/fricibacsi.hu\/tudastar\/elektromos-generatorok\/"},"author":{"name":"Frici b\u00e1csi","@id":"https:\/\/fricibacsi.hu\/#\/schema\/person\/e638905f4c12f8b0389ff3705c97f76f"},"headline":"Az elektromos gener\u00e1torok fejl\u0151d\u00e9se","datePublished":"2025-01-07T06:20:07+00:00","dateModified":"2025-01-07T06:20:08+00:00","mainEntityOfPage":{"@id":"https:\/\/fricibacsi.hu\/tudastar\/elektromos-generatorok\/"},"wordCount":447,"commentCount":0,"publisher":{"@id":"https:\/\/fricibacsi.hu\/#organization"},"image":{"@id":"https:\/\/fricibacsi.hu\/tudastar\/elektromos-generatorok\/#primaryimage"},"thumbnailUrl":"https:\/\/fricibacsi.hu\/wp-content\/uploads\/2025\/01\/dinamo2.jpg","articleSection":["\u00c1ram light","Tudtad-e?"],"inLanguage":"en-GB","potentialAction":[{"@type":"CommentAction","name":"Comment","target":["https:\/\/fricibacsi.hu\/tudastar\/elektromos-generatorok\/#respond"]}]},{"@type":"WebPage","@id":"https:\/\/fricibacsi.hu\/tudastar\/elektromos-generatorok\/","url":"https:\/\/fricibacsi.hu\/tudastar\/elektromos-generatorok\/","name":"Az elektromos gener\u00e1torok fejl\u0151d\u00e9se - Frici b\u00e1csi villanyszereld\u00e9je - villanyszerel\u0151 kompromisszumok n\u00e9lk\u00fcl","isPartOf":{"@id":"https:\/\/fricibacsi.hu\/#website"},"primaryImageOfPage":{"@id":"https:\/\/fricibacsi.hu\/tudastar\/elektromos-generatorok\/#primaryimage"},"image":{"@id":"https:\/\/fricibacsi.hu\/tudastar\/elektromos-generatorok\/#primaryimage"},"thumbnailUrl":"https:\/\/fricibacsi.hu\/wp-content\/uploads\/2025\/01\/dinamo2.jpg","datePublished":"2025-01-07T06:20:07+00:00","dateModified":"2025-01-07T06:20:08+00:00","description":"Az elektromos gener\u00e1torok fejl\u0151d\u00e9se az elm\u00falt k\u00e9t \u00e9vsz\u00e1zadban jelent\u0151s hat\u00e1ssal volt a modern t\u00e1rsadalomra..","breadcrumb":{"@id":"https:\/\/fricibacsi.hu\/tudastar\/elektromos-generatorok\/#breadcrumb"},"inLanguage":"en-GB","potentialAction":[{"@type":"ReadAction","target":["https:\/\/fricibacsi.hu\/tudastar\/elektromos-generatorok\/"]}]},{"@type":"ImageObject","inLanguage":"en-GB","@id":"https:\/\/fricibacsi.hu\/tudastar\/elektromos-generatorok\/#primaryimage","url":"https:\/\/fricibacsi.hu\/wp-content\/uploads\/2025\/01\/dinamo2.jpg","contentUrl":"https:\/\/fricibacsi.hu\/wp-content\/uploads\/2025\/01\/dinamo2.jpg","width":1200,"height":628,"caption":"Siemens dinam\u00f3"},{"@type":"BreadcrumbList","@id":"https:\/\/fricibacsi.hu\/tudastar\/elektromos-generatorok\/#breadcrumb","itemListElement":[{"@type":"ListItem","position":1,"name":"Kezd\u0151lap","item":"https:\/\/fricibacsi.hu\/"},{"@type":"ListItem","position":2,"name":"Az elektromos gener\u00e1torok fejl\u0151d\u00e9se"}]},{"@type":"WebSite","@id":"https:\/\/fricibacsi.hu\/#website","url":"https:\/\/fricibacsi.hu\/","name":"Uncle Frici's Electric Works","description":"Kompromisszumok n\u00e9lk\u00fcli villanyszerel\u00e9s","publisher":{"@id":"https:\/\/fricibacsi.hu\/#organization"},"potentialAction":[{"@type":"SearchAction","target":{"@type":"EntryPoint","urlTemplate":"https:\/\/fricibacsi.hu\/?s={search_term_string}"},"query-input":{"@type":"PropertyValueSpecification","valueRequired":true,"valueName":"search_term_string"}}],"inLanguage":"en-GB"},{"@type":"Organization","@id":"https:\/\/fricibacsi.hu\/#organization","name":"Uncle Frici's Electric Works","url":"https:\/\/fricibacsi.hu\/","logo":{"@type":"ImageObject","inLanguage":"en-GB","@id":"https:\/\/fricibacsi.hu\/#\/schema\/logo\/image\/","url":"https:\/\/fricibacsi.hu\/wp-content\/uploads\/2024\/03\/cropped-Frici_profile_v2.jpg","contentUrl":"https:\/\/fricibacsi.hu\/wp-content\/uploads\/2024\/03\/cropped-Frici_profile_v2.jpg","width":512,"height":512,"caption":"Frici b\u00e1csi villanyszereld\u00e9je"},"image":{"@id":"https:\/\/fricibacsi.hu\/#\/schema\/logo\/image\/"},"sameAs":["https:\/\/www.facebook.com\/FriciBa","https:\/\/www.instagram.com\/frici_bacsi_villanyszereldeje\/"]},{"@type":"Person","@id":"https:\/\/fricibacsi.hu\/#\/schema\/person\/e638905f4c12f8b0389ff3705c97f76f","name":"Frici b\u00e1csi","image":{"@type":"ImageObject","inLanguage":"en-GB","@id":"https:\/\/fricibacsi.hu\/#\/schema\/person\/image\/","url":"https:\/\/secure.gravatar.com\/avatar\/6dcd73b7f648a63dca3bab34c2017cb691ad5d2fd6708dc7c17275b1ea66876d?s=96&d=mm&r=g","contentUrl":"https:\/\/secure.gravatar.com\/avatar\/6dcd73b7f648a63dca3bab34c2017cb691ad5d2fd6708dc7c17275b1ea66876d?s=96&d=mm&r=g","caption":"Frici b\u00e1csi"},"url":"https:\/\/fricibacsi.hu\/en\/tudastar\/author\/frici_bacsi\/"}]}},"_links":{"self":[{"href":"https:\/\/fricibacsi.hu\/en\/wp-json\/wp\/v2\/posts\/2222","targetHints":{"allow":["GET"]}}],"collection":[{"href":"https:\/\/fricibacsi.hu\/en\/wp-json\/wp\/v2\/posts"}],"about":[{"href":"https:\/\/fricibacsi.hu\/en\/wp-json\/wp\/v2\/types\/post"}],"author":[{"embeddable":true,"href":"https:\/\/fricibacsi.hu\/en\/wp-json\/wp\/v2\/users\/3"}],"replies":[{"embeddable":true,"href":"https:\/\/fricibacsi.hu\/en\/wp-json\/wp\/v2\/comments?post=2222"}],"version-history":[{"count":2,"href":"https:\/\/fricibacsi.hu\/en\/wp-json\/wp\/v2\/posts\/2222\/revisions"}],"predecessor-version":[{"id":2225,"href":"https:\/\/fricibacsi.hu\/en\/wp-json\/wp\/v2\/posts\/2222\/revisions\/2225"}],"wp:featuredmedia":[{"embeddable":true,"href":"https:\/\/fricibacsi.hu\/en\/wp-json\/wp\/v2\/media\/2224"}],"wp:attachment":[{"href":"https:\/\/fricibacsi.hu\/en\/wp-json\/wp\/v2\/media?parent=2222"}],"wp:term":[{"taxonomy":"category","embeddable":true,"href":"https:\/\/fricibacsi.hu\/en\/wp-json\/wp\/v2\/categories?post=2222"},{"taxonomy":"post_tag","embeddable":true,"href":"https:\/\/fricibacsi.hu\/en\/wp-json\/wp\/v2\/tags?post=2222"}],"curies":[{"name":"wp","href":"https:\/\/api.w.org\/{rel}","templated":true}]}}