{"id":158,"date":"2024-01-24T12:21:58","date_gmt":"2024-01-24T12:21:58","guid":{"rendered":"https:\/\/fricibacsi.hu\/?p=158"},"modified":"2024-05-08T05:35:03","modified_gmt":"2024-05-08T05:35:03","slug":"aram-tarifak-2024","status":"publish","type":"post","link":"https:\/\/fricibacsi.hu\/en\/tudastar\/aram-tarifak-2024\/","title":{"rendered":"Lakoss\u00e1gi \u00e1ram tarif\u00e1k a 2024-es \u00e9vben"},"content":{"rendered":"<p>Frici b\u00e1csi figyelmes villanyszerel\u0151, aki nem csak k\u00f6zvetlen\u00fcl a villanyszerel\u00e9si dolgokban pr\u00f3b\u00e1l seg\u00edteni leend\u0151 \u00fcgyfeleinek. Ez\u00e9rt is v\u00e1lasztotta ezt a t\u00e9m\u00e1t. R\u00f6viden \u00f6sszefoglalja a szolg\u00e1ltat\u00f3kn\u00e1l jelenleg el\u00e9rhet\u0151 lakoss\u00e1gi tarif\u00e1kat. (Az \u00e1rak szolg\u00e1ltat\u00f3nk\u00e9nt v\u00e1ltoznak, ez\u00e9rt k\u00f6zel\u00edt\u0151 \u00e9rt\u00e9ket adtunk meg.)<\/p>\n\n\n\n<p><strong>A1 \u2013 az \u00e1ltal\u00e1nos<\/strong><\/p>\n\n\n\n<p>Egy z\u00f3n\u00e1s d\u00edjszab\u00e1s, amely \u00e9jjel-nappal ugyanazon az \u00e1ron \u00e9rhet\u0151 el. Ennek k\u00f6sz\u00f6nhet\u0151en k\u00e9sz\u00fcl\u00e9keinket \u00e1tlagosan ezzel a tarif\u00e1val m\u0171k\u00f6dtetj\u00fck.<\/p>\n\n\n\n<p>Az A1 tarifa \u00e1ra 2523 kWh\/\u00e9v-ig kb. 36 Ft\/kWh kedvezm\u00e9nyes \u00e1ron el\u00e9rhet\u0151, m\u00edg 2523 kWh\/\u00e9v felett 70,1 Ft\/kWh.<\/p>\n\n\n\n<p><strong>A2 &#8211; az id\u0151z\u00f3n\u00e1s<\/strong><\/p>\n\n\n\n<p>Az A2 tarifa m\u00e1r k\u00e9t id\u0151z\u00f3n\u00e1t alkalmaz. A cs\u00facsid\u0151szak h\u00e9tk\u00f6znapokon 7:00 \u00e9s 23:00 k\u00f6z\u00f6tt van, m\u00edg a v\u00f6lgyid\u0151szak a h\u00e9tk\u00f6znapokon \u00e9s h\u00e9tv\u00e9g\u00e9n 23:00 \u00e9s 7:00 k\u00f6z\u00f6tt van. Az A2 tarifa akkor \u00e9ri meg igaz\u00e1n, ha legal\u00e1bb a fogyaszt\u00e1sunk fel\u00e9t \u00e9jszaka vagy h\u00e9tv\u00e9g\u00e9n v\u00e9gezz\u00fck.<\/p>\n\n\n\n<p>A cs\u00facsid\u0151szakban az \u00e1ramd\u00edj kb. 42 Ft\/kWh, m\u00edg a v\u00f6lgyid\u0151szakban j\u00f3val kedvez\u0151bb, mind\u00f6ssze kb. 32 Ft\/kWh. Lakoss\u00e1gi piaci \u00e1ron mindk\u00e9t id\u0151szakban 70,1 Ft\/kWh az \u00e1rszab\u00e1s.<\/p>\n\n\n\n<p><strong>B &#8211; az \u201e\u00e9jszakai\u201d vez\u00e9relt<\/strong><\/p>\n\n\n\n<p>A B tarifa a r\u00e9gi \u00e9jszakai \u00e1ramnak felel meg, de m\u00e1r vez\u00e9relt \u00e1ram n\u00e9ven is ismert. Ezt a tarif\u00e1t olyan berendez\u00e9sek \u00fczemeltet\u00e9s\u00e9hez aj\u00e1nlj\u00e1k, amelyek vez\u00e9relt csatlakoz\u00e1si ponttal rendelkeznek. Ezek a berendez\u00e9sek k\u00fcl\u00f6n m\u00e9r\u0151\u00f3r\u00e1val vannak ell\u00e1tva, \u00e9s fix bek\u00f6t\u00e9s\u00fcek. Ide tartoznak p\u00e9ld\u00e1ul a h\u0151t\u00e1rol\u00f3s k\u00e9sz\u00fcl\u00e9kek \u00e9s bojlerek. Az \u00e1ram ebben a tarif\u00e1ban csak cs\u00facsid\u0151n k\u00edv\u00fcl, naponta 8 \u00f3r\u00e1n kereszt\u00fcl \u00e9rhet\u0151 el. A B tarif\u00e1t kieg\u00e9sz\u00edt\u00e9sk\u00e9nt v\u00e1laszthatjuk az A1 vagy A2 tarif\u00e1k mell\u00e9.<\/p>\n\n\n\n<p>Az \u00e1ra 2523 kWh\/\u00e9v-ig kb. 23 Ft\/kWh, e felett pedig 60,9 Ft\/kWh.<\/p>\n\n\n\n<p><strong>Geo &#8211; h\u0151szivatty\u00fakhoz optimaliz\u00e1lt<\/strong><\/p>\n\n\n\n<p>A Geo tarifa egy speci\u00e1lis d\u00edjszab\u00e1s, amit kifejezetten h\u0151szivatty\u00fas berendez\u00e9sek \u00fczemeltet\u00e9s\u00e9hez terveztek. Ezt a tarif\u00e1t az MVM \u00c9m\u00e1sz \u00c1ramh\u00e1l\u00f3zati Kft. \u00e9s az ELM\u0170 H\u00e1l\u00f3zati Kft. szolg\u00e1ltat\u00e1si ter\u00fclet\u00e9n \u00e9rhetj\u00fck el, azonban 2021. szeptember 1-j\u00e9t\u0151l \u00faj szerz\u0151d\u00e9sek m\u00e1r nem k\u00f6thet\u0151k.<\/p>\n\n\n\n<p>A B GEO tarifa eset\u00e9ben a berendez\u00e9s vez\u00e9relt \u00e1ramk\u00f6rh\u00f6z kapcsol\u00f3dik, amely naponta legal\u00e1bb 20 \u00f3ra \u00fczemid\u0151t biztos\u00edt a h\u0151szivatty\u00fa sz\u00e1m\u00e1ra, 2x maximum 2 \u00f3ra megszak\u00edt\u00e1ssal. (Egy megszak\u00edt\u00e1s nem lehet hosszabb 2 \u00f3r\u00e1n\u00e1l, \u00e9s k\u00e9t megszak\u00edt\u00e1s k\u00f6z\u00f6tt legal\u00e1bb 2 \u00f3ra felf\u0171t\u00e9si id\u0151nek kell rendelkez\u00e9sre \u00e1llnia.)<\/p>\n\n\n\n<p>Az \u00e1ra kb. 24 Ft\/kWh.<\/p>\n\n\n\n<p><strong>H &#8211; meg\u00fajul\u00f3 energiaforr\u00e1sokhoz \u00e9s h\u0151szivatty\u00fakhoz<\/strong><\/p>\n\n\n\n<p>Az H tarifa a h\u0151szivatty\u00fakhoz \u00e9s meg\u00fajul\u00f3 energiaforr\u00e1sokhoz ki\u00e9p\u00edtett rendszerekhez haszn\u00e1lhat\u00f3. Az egyik legfontosabb jellemz\u0151je, hogy csak f\u0171t\u00e9si c\u00e9lra \u00e9s csak okt\u00f3ber 15-t\u0151l \u00e1prilis 15-ig \u00e9rhet\u0151 el. Viszont ebben az id\u0151szakban folyamatosan. Ez a tarifa ak\u00e1r B mell; is ig\u00e9nyelhet\u0151.<\/p>\n\n\n\n<p>Az \u00e1ra kb. 23 Ft\/kWh.<\/p>","protected":false},"excerpt":{"rendered":"<p>Frici b\u00e1csi figyelmes villanyszerel\u0151, aki nem csak k\u00f6zvetlen\u00fcl a villanyszerel\u00e9si dolgokban pr\u00f3b\u00e1l seg\u00edteni leend\u0151 \u00fcgyfeleinek. Ez\u00e9rt is v\u00e1lasztotta ezt a t\u00e9m\u00e1t. R\u00f6viden \u00f6sszefoglalja a szolg\u00e1ltat\u00f3kn\u00e1l jelenleg el\u00e9rhet\u0151 lakoss\u00e1gi tarif\u00e1kat. (Az \u00e1rak szolg\u00e1ltat\u00f3nk\u00e9nt v\u00e1ltoznak, ez\u00e9rt k\u00f6zel\u00edt\u0151 \u00e9rt\u00e9ket adtunk meg.) A1 \u2013 az \u00e1ltal\u00e1nos Egy z\u00f3n\u00e1s d\u00edjszab\u00e1s, amely \u00e9jjel-nappal ugyanazon az \u00e1ron \u00e9rhet\u0151 el. Ennek k\u00f6sz\u00f6nhet\u0151en k\u00e9sz\u00fcl\u00e9keinket [&hellip;]<\/p>","protected":false},"author":3,"featured_media":193,"comment_status":"open","ping_status":"open","sticky":false,"template":"","format":"standard","meta":{"_et_pb_use_builder":"","_et_pb_old_content":"","_et_gb_content_width":"","footnotes":""},"categories":[12],"tags":[],"class_list":["post-158","post","type-post","status-publish","format-standard","has-post-thumbnail","hentry","category-hosszabban"],"yoast_head":"<!-- This site is optimized with the Yoast SEO plugin v26.1.1 - https:\/\/yoast.com\/wordpress\/plugins\/seo\/ -->\n<title>Lakoss\u00e1gi \u00e1ram tarif\u00e1k a 2024-es \u00e9vben - Frici b\u00e1csi villanyszereld\u00e9je - villanyszerel\u0151 kompromisszumok n\u00e9lk\u00fcl<\/title>\n<meta name=\"robots\" content=\"index, follow, max-snippet:-1, max-image-preview:large, max-video-preview:-1\" \/>\n<link rel=\"canonical\" href=\"https:\/\/fricibacsi.hu\/en\/tudastar\/aram-tarifak-2024\/\" \/>\n<meta property=\"og:locale\" content=\"en_GB\" \/>\n<meta property=\"og:type\" content=\"article\" \/>\n<meta property=\"og:title\" content=\"Lakoss\u00e1gi \u00e1ram tarif\u00e1k a 2024-es \u00e9vben - Frici b\u00e1csi villanyszereld\u00e9je - villanyszerel\u0151 kompromisszumok n\u00e9lk\u00fcl\" \/>\n<meta property=\"og:description\" content=\"Frici b\u00e1csi figyelmes villanyszerel\u0151, aki nem csak k\u00f6zvetlen\u00fcl a villanyszerel\u00e9si dolgokban pr\u00f3b\u00e1l seg\u00edteni leend\u0151 \u00fcgyfeleinek. Ez\u00e9rt is v\u00e1lasztotta ezt a t\u00e9m\u00e1t. R\u00f6viden \u00f6sszefoglalja a szolg\u00e1ltat\u00f3kn\u00e1l jelenleg el\u00e9rhet\u0151 lakoss\u00e1gi tarif\u00e1kat. (Az \u00e1rak szolg\u00e1ltat\u00f3nk\u00e9nt v\u00e1ltoznak, ez\u00e9rt k\u00f6zel\u00edt\u0151 \u00e9rt\u00e9ket adtunk meg.) A1 \u2013 az \u00e1ltal\u00e1nos Egy z\u00f3n\u00e1s d\u00edjszab\u00e1s, amely \u00e9jjel-nappal ugyanazon az \u00e1ron \u00e9rhet\u0151 el. Ennek k\u00f6sz\u00f6nhet\u0151en k\u00e9sz\u00fcl\u00e9keinket [&hellip;]\" \/>\n<meta property=\"og:url\" content=\"https:\/\/fricibacsi.hu\/en\/tudastar\/aram-tarifak-2024\/\" \/>\n<meta property=\"og:site_name\" content=\"Frici b\u00e1csi villanyszereld\u00e9je - villanyszerel\u0151 kompromisszumok n\u00e9lk\u00fcl\" \/>\n<meta property=\"article:publisher\" content=\"https:\/\/www.facebook.com\/FriciBa\" \/>\n<meta property=\"article:published_time\" content=\"2024-01-24T12:21:58+00:00\" \/>\n<meta property=\"article:modified_time\" content=\"2024-05-08T05:35:03+00:00\" \/>\n<meta property=\"og:image\" content=\"https:\/\/fricibacsi.hu\/wp-content\/uploads\/2024\/01\/villanyora.jpg\" \/>\n\t<meta property=\"og:image:width\" content=\"1200\" \/>\n\t<meta property=\"og:image:height\" content=\"628\" \/>\n\t<meta property=\"og:image:type\" content=\"image\/jpeg\" \/>\n<meta name=\"author\" content=\"Frici b\u00e1csi\" \/>\n<meta name=\"twitter:card\" content=\"summary_large_image\" \/>\n<meta name=\"twitter:label1\" content=\"Written by\" \/>\n\t<meta name=\"twitter:data1\" content=\"Frici b\u00e1csi\" \/>\n\t<meta name=\"twitter:label2\" content=\"Estimated reading time\" \/>\n\t<meta name=\"twitter:data2\" content=\"3 minutes\" \/>\n<script type=\"application\/ld+json\" class=\"yoast-schema-graph\">{\"@context\":\"https:\/\/schema.org\",\"@graph\":[{\"@type\":\"Article\",\"@id\":\"https:\/\/fricibacsi.hu\/tudastar\/aram-tarifak-2024\/#article\",\"isPartOf\":{\"@id\":\"https:\/\/fricibacsi.hu\/tudastar\/aram-tarifak-2024\/\"},\"author\":{\"name\":\"Frici b\u00e1csi\",\"@id\":\"https:\/\/fricibacsi.hu\/#\/schema\/person\/e638905f4c12f8b0389ff3705c97f76f\"},\"headline\":\"Lakoss\u00e1gi \u00e1ram tarif\u00e1k a 2024-es \u00e9vben\",\"datePublished\":\"2024-01-24T12:21:58+00:00\",\"dateModified\":\"2024-05-08T05:35:03+00:00\",\"mainEntityOfPage\":{\"@id\":\"https:\/\/fricibacsi.hu\/tudastar\/aram-tarifak-2024\/\"},\"wordCount\":589,\"commentCount\":3,\"publisher\":{\"@id\":\"https:\/\/fricibacsi.hu\/#organization\"},\"image\":{\"@id\":\"https:\/\/fricibacsi.hu\/tudastar\/aram-tarifak-2024\/#primaryimage\"},\"thumbnailUrl\":\"https:\/\/fricibacsi.hu\/wp-content\/uploads\/2024\/01\/villanyora.jpg\",\"articleSection\":[\"Hosszabban\"],\"inLanguage\":\"en-GB\",\"potentialAction\":[{\"@type\":\"CommentAction\",\"name\":\"Comment\",\"target\":[\"https:\/\/fricibacsi.hu\/tudastar\/aram-tarifak-2024\/#respond\"]}]},{\"@type\":\"WebPage\",\"@id\":\"https:\/\/fricibacsi.hu\/tudastar\/aram-tarifak-2024\/\",\"url\":\"https:\/\/fricibacsi.hu\/tudastar\/aram-tarifak-2024\/\",\"name\":\"Lakoss\u00e1gi \u00e1ram tarif\u00e1k a 2024-es \u00e9vben - Frici b\u00e1csi villanyszereld\u00e9je - villanyszerel\u0151 kompromisszumok n\u00e9lk\u00fcl\",\"isPartOf\":{\"@id\":\"https:\/\/fricibacsi.hu\/#website\"},\"primaryImageOfPage\":{\"@id\":\"https:\/\/fricibacsi.hu\/tudastar\/aram-tarifak-2024\/#primaryimage\"},\"image\":{\"@id\":\"https:\/\/fricibacsi.hu\/tudastar\/aram-tarifak-2024\/#primaryimage\"},\"thumbnailUrl\":\"https:\/\/fricibacsi.hu\/wp-content\/uploads\/2024\/01\/villanyora.jpg\",\"datePublished\":\"2024-01-24T12:21:58+00:00\",\"dateModified\":\"2024-05-08T05:35:03+00:00\",\"breadcrumb\":{\"@id\":\"https:\/\/fricibacsi.hu\/tudastar\/aram-tarifak-2024\/#breadcrumb\"},\"inLanguage\":\"en-GB\",\"potentialAction\":[{\"@type\":\"ReadAction\",\"target\":[\"https:\/\/fricibacsi.hu\/tudastar\/aram-tarifak-2024\/\"]}]},{\"@type\":\"ImageObject\",\"inLanguage\":\"en-GB\",\"@id\":\"https:\/\/fricibacsi.hu\/tudastar\/aram-tarifak-2024\/#primaryimage\",\"url\":\"https:\/\/fricibacsi.hu\/wp-content\/uploads\/2024\/01\/villanyora.jpg\",\"contentUrl\":\"https:\/\/fricibacsi.hu\/wp-content\/uploads\/2024\/01\/villanyora.jpg\",\"width\":1200,\"height\":628},{\"@type\":\"BreadcrumbList\",\"@id\":\"https:\/\/fricibacsi.hu\/tudastar\/aram-tarifak-2024\/#breadcrumb\",\"itemListElement\":[{\"@type\":\"ListItem\",\"position\":1,\"name\":\"Kezd\u0151lap\",\"item\":\"https:\/\/fricibacsi.hu\/\"},{\"@type\":\"ListItem\",\"position\":2,\"name\":\"Lakoss\u00e1gi \u00e1ram tarif\u00e1k a 2024-es \u00e9vben\"}]},{\"@type\":\"WebSite\",\"@id\":\"https:\/\/fricibacsi.hu\/#website\",\"url\":\"https:\/\/fricibacsi.hu\/\",\"name\":\"Frici b\u00e1csi villanyszereld\u00e9je\",\"description\":\"Kompromisszumok n\u00e9lk\u00fcli villanyszerel\u00e9s\",\"publisher\":{\"@id\":\"https:\/\/fricibacsi.hu\/#organization\"},\"potentialAction\":[{\"@type\":\"SearchAction\",\"target\":{\"@type\":\"EntryPoint\",\"urlTemplate\":\"https:\/\/fricibacsi.hu\/?s={search_term_string}\"},\"query-input\":{\"@type\":\"PropertyValueSpecification\",\"valueRequired\":true,\"valueName\":\"search_term_string\"}}],\"inLanguage\":\"en-GB\"},{\"@type\":\"Organization\",\"@id\":\"https:\/\/fricibacsi.hu\/#organization\",\"name\":\"Frici b\u00e1csi villanyszereld\u00e9je\",\"url\":\"https:\/\/fricibacsi.hu\/\",\"logo\":{\"@type\":\"ImageObject\",\"inLanguage\":\"en-GB\",\"@id\":\"https:\/\/fricibacsi.hu\/#\/schema\/logo\/image\/\",\"url\":\"https:\/\/fricibacsi.hu\/wp-content\/uploads\/2024\/03\/cropped-Frici_profile_v2.jpg\",\"contentUrl\":\"https:\/\/fricibacsi.hu\/wp-content\/uploads\/2024\/03\/cropped-Frici_profile_v2.jpg\",\"width\":512,\"height\":512,\"caption\":\"Frici b\u00e1csi villanyszereld\u00e9je\"},\"image\":{\"@id\":\"https:\/\/fricibacsi.hu\/#\/schema\/logo\/image\/\"},\"sameAs\":[\"https:\/\/www.facebook.com\/FriciBa\",\"https:\/\/www.instagram.com\/frici_bacsi_villanyszereldeje\/\"]},{\"@type\":\"Person\",\"@id\":\"https:\/\/fricibacsi.hu\/#\/schema\/person\/e638905f4c12f8b0389ff3705c97f76f\",\"name\":\"Frici b\u00e1csi\",\"image\":{\"@type\":\"ImageObject\",\"inLanguage\":\"en-GB\",\"@id\":\"https:\/\/fricibacsi.hu\/#\/schema\/person\/image\/\",\"url\":\"https:\/\/secure.gravatar.com\/avatar\/6dcd73b7f648a63dca3bab34c2017cb691ad5d2fd6708dc7c17275b1ea66876d?s=96&d=mm&r=g\",\"contentUrl\":\"https:\/\/secure.gravatar.com\/avatar\/6dcd73b7f648a63dca3bab34c2017cb691ad5d2fd6708dc7c17275b1ea66876d?s=96&d=mm&r=g\",\"caption\":\"Frici b\u00e1csi\"},\"url\":\"https:\/\/fricibacsi.hu\/en\/tudastar\/author\/frici_bacsi\/\"}]}<\/script>\n<!-- \/ Yoast SEO plugin. -->","yoast_head_json":{"title":"Lakoss\u00e1gi \u00e1ram tarif\u00e1k a 2024-es \u00e9vben - Frici b\u00e1csi villanyszereld\u00e9je - villanyszerel\u0151 kompromisszumok n\u00e9lk\u00fcl","robots":{"index":"index","follow":"follow","max-snippet":"max-snippet:-1","max-image-preview":"max-image-preview:large","max-video-preview":"max-video-preview:-1"},"canonical":"https:\/\/fricibacsi.hu\/en\/tudastar\/aram-tarifak-2024\/","og_locale":"en_GB","og_type":"article","og_title":"Lakoss\u00e1gi \u00e1ram tarif\u00e1k a 2024-es \u00e9vben - Frici b\u00e1csi villanyszereld\u00e9je - villanyszerel\u0151 kompromisszumok n\u00e9lk\u00fcl","og_description":"Frici b\u00e1csi figyelmes villanyszerel\u0151, aki nem csak k\u00f6zvetlen\u00fcl a villanyszerel\u00e9si dolgokban pr\u00f3b\u00e1l seg\u00edteni leend\u0151 \u00fcgyfeleinek. Ez\u00e9rt is v\u00e1lasztotta ezt a t\u00e9m\u00e1t. R\u00f6viden \u00f6sszefoglalja a szolg\u00e1ltat\u00f3kn\u00e1l jelenleg el\u00e9rhet\u0151 lakoss\u00e1gi tarif\u00e1kat. (Az \u00e1rak szolg\u00e1ltat\u00f3nk\u00e9nt v\u00e1ltoznak, ez\u00e9rt k\u00f6zel\u00edt\u0151 \u00e9rt\u00e9ket adtunk meg.) A1 \u2013 az \u00e1ltal\u00e1nos Egy z\u00f3n\u00e1s d\u00edjszab\u00e1s, amely \u00e9jjel-nappal ugyanazon az \u00e1ron \u00e9rhet\u0151 el. Ennek k\u00f6sz\u00f6nhet\u0151en k\u00e9sz\u00fcl\u00e9keinket [&hellip;]","og_url":"https:\/\/fricibacsi.hu\/en\/tudastar\/aram-tarifak-2024\/","og_site_name":"Frici b\u00e1csi villanyszereld\u00e9je - villanyszerel\u0151 kompromisszumok n\u00e9lk\u00fcl","article_publisher":"https:\/\/www.facebook.com\/FriciBa","article_published_time":"2024-01-24T12:21:58+00:00","article_modified_time":"2024-05-08T05:35:03+00:00","og_image":[{"width":1200,"height":628,"url":"https:\/\/fricibacsi.hu\/wp-content\/uploads\/2024\/01\/villanyora.jpg","type":"image\/jpeg"}],"author":"Frici b\u00e1csi","twitter_card":"summary_large_image","twitter_misc":{"Written by":"Frici b\u00e1csi","Estimated reading time":"3 minutes"},"schema":{"@context":"https:\/\/schema.org","@graph":[{"@type":"Article","@id":"https:\/\/fricibacsi.hu\/tudastar\/aram-tarifak-2024\/#article","isPartOf":{"@id":"https:\/\/fricibacsi.hu\/tudastar\/aram-tarifak-2024\/"},"author":{"name":"Frici b\u00e1csi","@id":"https:\/\/fricibacsi.hu\/#\/schema\/person\/e638905f4c12f8b0389ff3705c97f76f"},"headline":"Lakoss\u00e1gi \u00e1ram tarif\u00e1k a 2024-es \u00e9vben","datePublished":"2024-01-24T12:21:58+00:00","dateModified":"2024-05-08T05:35:03+00:00","mainEntityOfPage":{"@id":"https:\/\/fricibacsi.hu\/tudastar\/aram-tarifak-2024\/"},"wordCount":589,"commentCount":3,"publisher":{"@id":"https:\/\/fricibacsi.hu\/#organization"},"image":{"@id":"https:\/\/fricibacsi.hu\/tudastar\/aram-tarifak-2024\/#primaryimage"},"thumbnailUrl":"https:\/\/fricibacsi.hu\/wp-content\/uploads\/2024\/01\/villanyora.jpg","articleSection":["Hosszabban"],"inLanguage":"en-GB","potentialAction":[{"@type":"CommentAction","name":"Comment","target":["https:\/\/fricibacsi.hu\/tudastar\/aram-tarifak-2024\/#respond"]}]},{"@type":"WebPage","@id":"https:\/\/fricibacsi.hu\/tudastar\/aram-tarifak-2024\/","url":"https:\/\/fricibacsi.hu\/tudastar\/aram-tarifak-2024\/","name":"Lakoss\u00e1gi \u00e1ram tarif\u00e1k a 2024-es \u00e9vben - Frici b\u00e1csi villanyszereld\u00e9je - villanyszerel\u0151 kompromisszumok n\u00e9lk\u00fcl","isPartOf":{"@id":"https:\/\/fricibacsi.hu\/#website"},"primaryImageOfPage":{"@id":"https:\/\/fricibacsi.hu\/tudastar\/aram-tarifak-2024\/#primaryimage"},"image":{"@id":"https:\/\/fricibacsi.hu\/tudastar\/aram-tarifak-2024\/#primaryimage"},"thumbnailUrl":"https:\/\/fricibacsi.hu\/wp-content\/uploads\/2024\/01\/villanyora.jpg","datePublished":"2024-01-24T12:21:58+00:00","dateModified":"2024-05-08T05:35:03+00:00","breadcrumb":{"@id":"https:\/\/fricibacsi.hu\/tudastar\/aram-tarifak-2024\/#breadcrumb"},"inLanguage":"en-GB","potentialAction":[{"@type":"ReadAction","target":["https:\/\/fricibacsi.hu\/tudastar\/aram-tarifak-2024\/"]}]},{"@type":"ImageObject","inLanguage":"en-GB","@id":"https:\/\/fricibacsi.hu\/tudastar\/aram-tarifak-2024\/#primaryimage","url":"https:\/\/fricibacsi.hu\/wp-content\/uploads\/2024\/01\/villanyora.jpg","contentUrl":"https:\/\/fricibacsi.hu\/wp-content\/uploads\/2024\/01\/villanyora.jpg","width":1200,"height":628},{"@type":"BreadcrumbList","@id":"https:\/\/fricibacsi.hu\/tudastar\/aram-tarifak-2024\/#breadcrumb","itemListElement":[{"@type":"ListItem","position":1,"name":"Kezd\u0151lap","item":"https:\/\/fricibacsi.hu\/"},{"@type":"ListItem","position":2,"name":"Lakoss\u00e1gi \u00e1ram tarif\u00e1k a 2024-es \u00e9vben"}]},{"@type":"WebSite","@id":"https:\/\/fricibacsi.hu\/#website","url":"https:\/\/fricibacsi.hu\/","name":"Uncle Frici's Electric Works","description":"Kompromisszumok n\u00e9lk\u00fcli villanyszerel\u00e9s","publisher":{"@id":"https:\/\/fricibacsi.hu\/#organization"},"potentialAction":[{"@type":"SearchAction","target":{"@type":"EntryPoint","urlTemplate":"https:\/\/fricibacsi.hu\/?s={search_term_string}"},"query-input":{"@type":"PropertyValueSpecification","valueRequired":true,"valueName":"search_term_string"}}],"inLanguage":"en-GB"},{"@type":"Organization","@id":"https:\/\/fricibacsi.hu\/#organization","name":"Uncle Frici's Electric Works","url":"https:\/\/fricibacsi.hu\/","logo":{"@type":"ImageObject","inLanguage":"en-GB","@id":"https:\/\/fricibacsi.hu\/#\/schema\/logo\/image\/","url":"https:\/\/fricibacsi.hu\/wp-content\/uploads\/2024\/03\/cropped-Frici_profile_v2.jpg","contentUrl":"https:\/\/fricibacsi.hu\/wp-content\/uploads\/2024\/03\/cropped-Frici_profile_v2.jpg","width":512,"height":512,"caption":"Frici b\u00e1csi villanyszereld\u00e9je"},"image":{"@id":"https:\/\/fricibacsi.hu\/#\/schema\/logo\/image\/"},"sameAs":["https:\/\/www.facebook.com\/FriciBa","https:\/\/www.instagram.com\/frici_bacsi_villanyszereldeje\/"]},{"@type":"Person","@id":"https:\/\/fricibacsi.hu\/#\/schema\/person\/e638905f4c12f8b0389ff3705c97f76f","name":"Frici b\u00e1csi","image":{"@type":"ImageObject","inLanguage":"en-GB","@id":"https:\/\/fricibacsi.hu\/#\/schema\/person\/image\/","url":"https:\/\/secure.gravatar.com\/avatar\/6dcd73b7f648a63dca3bab34c2017cb691ad5d2fd6708dc7c17275b1ea66876d?s=96&d=mm&r=g","contentUrl":"https:\/\/secure.gravatar.com\/avatar\/6dcd73b7f648a63dca3bab34c2017cb691ad5d2fd6708dc7c17275b1ea66876d?s=96&d=mm&r=g","caption":"Frici b\u00e1csi"},"url":"https:\/\/fricibacsi.hu\/en\/tudastar\/author\/frici_bacsi\/"}]}},"_links":{"self":[{"href":"https:\/\/fricibacsi.hu\/en\/wp-json\/wp\/v2\/posts\/158","targetHints":{"allow":["GET"]}}],"collection":[{"href":"https:\/\/fricibacsi.hu\/en\/wp-json\/wp\/v2\/posts"}],"about":[{"href":"https:\/\/fricibacsi.hu\/en\/wp-json\/wp\/v2\/types\/post"}],"author":[{"embeddable":true,"href":"https:\/\/fricibacsi.hu\/en\/wp-json\/wp\/v2\/users\/3"}],"replies":[{"embeddable":true,"href":"https:\/\/fricibacsi.hu\/en\/wp-json\/wp\/v2\/comments?post=158"}],"version-history":[{"count":2,"href":"https:\/\/fricibacsi.hu\/en\/wp-json\/wp\/v2\/posts\/158\/revisions"}],"predecessor-version":[{"id":195,"href":"https:\/\/fricibacsi.hu\/en\/wp-json\/wp\/v2\/posts\/158\/revisions\/195"}],"wp:featuredmedia":[{"embeddable":true,"href":"https:\/\/fricibacsi.hu\/en\/wp-json\/wp\/v2\/media\/193"}],"wp:attachment":[{"href":"https:\/\/fricibacsi.hu\/en\/wp-json\/wp\/v2\/media?parent=158"}],"wp:term":[{"taxonomy":"category","embeddable":true,"href":"https:\/\/fricibacsi.hu\/en\/wp-json\/wp\/v2\/categories?post=158"},{"taxonomy":"post_tag","embeddable":true,"href":"https:\/\/fricibacsi.hu\/en\/wp-json\/wp\/v2\/tags?post=158"}],"curies":[{"name":"wp","href":"https:\/\/api.w.org\/{rel}","templated":true}]}}